{"id":3468,"date":"2022-02-08T21:46:38","date_gmt":"2022-02-08T21:46:38","guid":{"rendered":"https:\/\/madeirasidecartours.com\/meteo-de-lile-de-madere\/"},"modified":"2024-06-08T16:13:46","modified_gmt":"2024-06-08T15:13:46","slug":"meteo-de-lile-de-madere","status":"publish","type":"post","link":"https:\/\/madeirasidecartours.com\/fr\/meteo-de-lile-de-madere\/","title":{"rendered":"M\u00e9t\u00e9o de l&rsquo;\u00eele de Mad\u00e8re"},"content":{"rendered":"<p>[et_pb_section fb_built=\u00a0\u00bb1&Prime; _builder_version=\u00a0\u00bb4.10.4&Prime; _module_preset=\u00a0\u00bbdefault\u00a0\u00bb global_colors_info=\u00a0\u00bb{}\u00a0\u00bb][et_pb_row _builder_version=\u00a0\u00bb4.10.4&Prime; _module_preset=\u00a0\u00bbdefault\u00a0\u00bb global_colors_info=\u00a0\u00bb{}\u00a0\u00bb][et_pb_column type=\u00a0\u00bb4_4&Prime; _builder_version=\u00a0\u00bb4.10.4&Prime; _module_preset=\u00a0\u00bbdefault\u00a0\u00bb global_colors_info=\u00a0\u00bb{}\u00a0\u00bb][et_pb_image src=\u00a0\u00bbhttps:\/\/madeirasidecartours.com\/wp-content\/uploads\/2022\/02\/Madeira-weather-1.jpg\u00a0\u00bb alt=\u00a0\u00bbM\u00e9t\u00e9o de l&apos;\u00eele de Mad\u00e8re\u00a0\u00bb title_text=\u00a0\u00bbM\u00e9t\u00e9o de l&apos;\u00eele de Mad\u00e8re\u00a0\u00bb _builder_version=\u00a0\u00bb4.10.4&Prime; _module_preset=\u00a0\u00bbdefault\u00a0\u00bb hover_enabled=\u00a0\u00bb0&Prime; global_colors_info=\u00a0\u00bb{}\u00a0\u00bb sticky_enabled=\u00a0\u00bb0&Prime;][\/et_pb_image][\/et_pb_column][\/et_pb_row][\/et_pb_section][et_pb_section fb_built=\u00a0\u00bb1&Prime; _builder_version=\u00a0\u00bb4.10.4&Prime; _module_preset=\u00a0\u00bbdefault\u00a0\u00bb global_colors_info=\u00a0\u00bb{}\u00a0\u00bb][et_pb_row _builder_version=\u00a0\u00bb4.10.4&Prime; _module_preset=\u00a0\u00bbdefault\u00a0\u00bb global_colors_info=\u00a0\u00bb{}\u00a0\u00bb][et_pb_column type=\u00a0\u00bb4_4&Prime; _builder_version=\u00a0\u00bb4.10.4&Prime; _module_preset=\u00a0\u00bbdefault\u00a0\u00bb global_colors_info=\u00a0\u00bb{}\u00a0\u00bb][et_pb_text _builder_version=\u00a0\u00bb4.10.4&Prime; _module_preset=\u00a0\u00bbdefault\u00a0\u00bb global_colors_info=\u00a0\u00bb{}\u00a0\u00bb]<\/p>\n<p><\/p>\n<h1 style=\"font-weight: 400;\" data-mce-style=\"font-weight: 400;\">M\u00e9t\u00e9o de l&rsquo;\u00eele de Mad\u00e8re<\/h1>\n<p style=\"font-weight: 400;\" data-mce-style=\"font-weight: 400;\">L&rsquo;\u00eele de Mad\u00e8re est un archipel compos\u00e9 de quatre \u00eeles au large de la c\u00f4te nord-ouest de l&rsquo;Afrique. Le climat subtropical de Mad\u00e8re se compose d&rsquo;\u00e9t\u00e9s chauds et secs, ce qui en fait une destination de vacances id\u00e9ale pour ceux qui aiment la chaleur. L&rsquo;\u00eele de Mad\u00e8re est aussi c\u00e9l\u00e8bre pour son climat subtropical que pour ses paysages pittoresques &#8211; il n&rsquo;est pas surprenant qu&rsquo;elle soit aujourd&rsquo;hui l&rsquo;une des destinations les plus populaires d&rsquo;Europe. Gr\u00e2ce aux montagnes et aux courants oc\u00e9aniques chauds autour de l&rsquo;\u00eele de Mad\u00e8re, elle poss\u00e8de plusieurs microclimats. La situation g\u00e9ographique de l&rsquo;\u00eele de Mad\u00e8re d\u00e9termine \u00e9galement l&rsquo;absence de temp\u00e9ratures tr\u00e8s \u00e9lev\u00e9es ou tr\u00e8s basses. Les vents rafra\u00eechissants qui balayent l&rsquo;\u00eele de Mad\u00e8re aident \u00e0 maintenir les temp\u00e9ratures estivales plus confortables.<\/p>\n<h2><\/h2>\n<h2 style=\"font-weight: 400;\" data-mce-style=\"font-weight: 400;\">L&rsquo;\u00e9t\u00e9 de l&rsquo;\u00eele de Mad\u00e8re<\/h2>\n<p>L&rsquo;\u00e9t\u00e9 est la p\u00e9riode la plus populaire pour visiter l&rsquo;\u00eele de Mad\u00e8re. La haute saison prolong\u00e9e commence en juin et dure jusqu&rsquo;\u00e0 fin septembre. Les temp\u00e9ratures moyennes tournent autour de 25\u00b0C et il y a environ 8 heures d&rsquo;ensoleillement par jour. Les chances de rencontrer de la pluie sont minces avec des pr\u00e9cipitations mensuelles moyennes de l&rsquo;ordre de 5 \u00e0 10 mm pendant les mois d&rsquo;\u00e9t\u00e9. L&rsquo;\u00e9t\u00e9 \u00e0 Mad\u00e8re est tr\u00e8s agr\u00e9able gr\u00e2ce aux vents rafra\u00eechissants et aux douces brises de la mer. Cela fait de l&rsquo;\u00eele une destination de vacances id\u00e9ale non seulement pour les amoureux de la chaleur, mais aussi pour ceux qui trouvent les temp\u00e9ratures \u00e9lev\u00e9es inconfortables.<\/p>\n<p><\/p>\n<h2 style=\"font-weight: 400;\" data-mce-style=\"font-weight: 400;\">L&rsquo;\u00eele de Mad\u00e8re Hiver<\/h2>\n<p style=\"font-weight: 400;\" data-mce-style=\"font-weight: 400;\">L&rsquo;hiver sur l&rsquo;\u00eele de Mad\u00e8re est tr\u00e8s doux, gr\u00e2ce \u00e0 son microclimat montagneux et aux courants oc\u00e9aniques. La moyenne de 95 mm de pluie en hiver signifie que vous risquez de subir une forme de pr\u00e9cipitation pendant vos vacances. L&rsquo;\u00eele de Mad\u00e8re re\u00e7oit g\u00e9n\u00e9ralement de courtes et fortes pluies plut\u00f4t que de longues p\u00e9riodes de bruine. Les temp\u00e9ratures oscillent entre 18\u00b0C \u200b\u200bet 20\u00b0C et il y a environ 5 heures d&rsquo;ensoleillement par jour en hiver.<\/p>\n<h2><\/h2>\n<h2 style=\"font-weight: 400;\" data-mce-style=\"font-weight: 400;\">L&rsquo;\u00eele de Mad\u00e8re Printemps \/ Automne<\/h2>\n<div class=\"dePhmb\">\n<div class=\"eyKpYb\" data-language=\"fr\" data-original-language=\"pt\" data-result-index=\"0\">\n<div class=\"J0lOec\"><span class=\"VIiyi\" lang=\"fr\"><span class=\"JLqJ4b ChMk0b\" data-language-for-alternatives=\"fr\" data-language-to-translate-into=\"pt\" data-phrase-index=\"0\" data-number-of-phrases=\"4\">Le climat de l&rsquo;\u00eele de Mad\u00e8re reste chaud au printemps et en automne, bien qu&rsquo;il y ait plus de risques de pr\u00e9cipitations.<\/span> <span class=\"JLqJ4b ChMk0b\" data-language-for-alternatives=\"fr\" data-language-to-translate-into=\"pt\" data-phrase-index=\"1\" data-number-of-phrases=\"4\">Les pr\u00e9cipitations mensuelles moyennes sont d&rsquo;environ 40 mm au printemps et nettement plus \u00e9lev\u00e9es en automne, autour de 90 mm.<\/span> <span class=\"JLqJ4b ChMk0b\" data-language-for-alternatives=\"fr\" data-language-to-translate-into=\"pt\" data-phrase-index=\"2\" data-number-of-phrases=\"4\">Les temp\u00e9ratures moyennes au cours de ces saisons varient de 20 \u00b0 C \u00e0 24 \u00b0 C, ce qui rend l&rsquo;\u00eele chaude et populaire aupr\u00e8s des touristes.<\/span> <span class=\"JLqJ4b ChMk0b\" data-language-for-alternatives=\"fr\" data-language-to-translate-into=\"pt\" data-phrase-index=\"3\" data-number-of-phrases=\"4\">Dans ces stations, il y a en moyenne 5 \u00e0 7 heures d&rsquo;ensoleillement sur l&rsquo;\u00eele de Mad\u00e8re.<\/span><\/span><\/div>\n<\/div>\n<\/div>\n<p>[\/et_pb_text][\/et_pb_column][\/et_pb_row][et_pb_row _builder_version=\u00a0\u00bb4.10.4&Prime; _module_preset=\u00a0\u00bbdefault\u00a0\u00bb global_colors_info=\u00a0\u00bb{}\u00a0\u00bb][et_pb_column type=\u00a0\u00bb4_4&Prime; _builder_version=\u00a0\u00bb4.10.4&Prime; _module_preset=\u00a0\u00bbdefault\u00a0\u00bb global_colors_info=\u00a0\u00bb{}\u00a0\u00bb][et_pb_image src=\u00a0\u00bbhttps:\/\/madeirasidecartours.com\/wp-content\/uploads\/2022\/02\/Madeira-weather.png\u00a0\u00bb alt=\u00a0\u00bbM\u00e9t\u00e9o de l&apos;\u00eele de Mad\u00e8re\u00a0\u00bb title_text=\u00a0\u00bbM\u00e9t\u00e9o de l&apos;\u00eele de Mad\u00e8re\u00a0\u00bb url=\u00a0\u00bbhttps:\/\/www.holiday-weather.com\/madeira\/averages%20%20&Prime; url_new_window=\u00a0\u00bbon\u00a0\u00bb _builder_version=\u00a0\u00bb4.10.4&Prime; _module_preset=\u00a0\u00bbdefault\u00a0\u00bb global_colors_info=\u00a0\u00bb{}\u00a0\u00bb][\/et_pb_image][\/et_pb_column][\/et_pb_row][et_pb_row _builder_version=\u00a0\u00bb4.10.4&Prime; _module_preset=\u00a0\u00bbdefault\u00a0\u00bb global_colors_info=\u00a0\u00bb{}\u00a0\u00bb][et_pb_column type=\u00a0\u00bb4_4&Prime; _builder_version=\u00a0\u00bb4.10.4&Prime; _module_preset=\u00a0\u00bbdefault\u00a0\u00bb global_colors_info=\u00a0\u00bb{}\u00a0\u00bb][et_pb_text _builder_version=\u00a0\u00bb4.10.4&Prime; _module_preset=\u00a0\u00bbdefault\u00a0\u00bb custom_padding=\u00a0\u00bb||1px|||\u00a0\u00bb global_colors_info=\u00a0\u00bb{}\u00a0\u00bb]<\/p>\n<h2>Quelle est la meilleure p\u00e9riode pour visiter l&rsquo;\u00eele de Mad\u00e8re ?<\/h2>\n<p>Si vous aimez vous d\u00e9tendre au bord de la piscine, le meilleur moment pour r\u00e9server des vacances sur l&rsquo;\u00eele de Mad\u00e8re est l&rsquo;\u00e9t\u00e9, lorsque les temp\u00e9ratures atteignent 30\u00b0C. Le meilleur moment pour se rendre sur l&rsquo;\u00eele de Mad\u00e8re pour un temps chaud et des temp\u00e9ratures confortables est au printemps ou en automne. Il fait encore tr\u00e8s chaud et vous aurez au moins neuf heures de beau soleil pour en profiter chaque jour. Les pr\u00e9cipitations mensuelles moyennes varient de 9 mm en \u00e9t\u00e9 \u00e0 81 mm en hiver, qui vont de d\u00e9cembre \u00e0 f\u00e9vrier.<\/p>\n<p style=\"font-weight: 400;\" data-mce-style=\"font-weight: 400;\"><a href=\"\/?p=2245\" data-mce-href=\"https:\/\/madeirasidecartours.com\/fr\/carte-de-lile-de-madere\/\">Visitez et ressentez l&rsquo;\u00eele de Mad\u00e8re!<\/a><\/p>\n<p><\/p>\n<p>[\/et_pb_text][\/et_pb_column][\/et_pb_row][et_pb_row _builder_version=\u00a0\u00bb4.10.4&Prime; _module_preset=\u00a0\u00bbdefault\u00a0\u00bb custom_margin=\u00a0\u00bb|auto|-74px|auto||\u00a0\u00bb global_colors_info=\u00a0\u00bb{}\u00a0\u00bb][et_pb_column type=\u00a0\u00bb4_4&Prime; _builder_version=\u00a0\u00bb4.10.4&Prime; _module_preset=\u00a0\u00bbdefault\u00a0\u00bb global_colors_info=\u00a0\u00bb{}\u00a0\u00bb][et_pb_text _builder_version=\u00a0\u00bb4.10.4&Prime; _module_preset=\u00a0\u00bbdefault\u00a0\u00bb text_text_color=\u00a0\u00bb#FFFFFF\u00a0\u00bb global_colors_info=\u00a0\u00bb{}\u00a0\u00bb]<\/p>\n<ul>\n<li>madeira island airport<\/li>\n<li>madeira island area<\/li>\n<li>madeira island airbnb<\/li>\n<li>madeira island annual weather<\/li>\n<li>madeira island average temperature<\/li>\n<li>madeira island all inclusive<\/li>\n<li>madeira island africa<\/li>\n<li>madeira island azores<\/li>\n<\/ul>\n<p>[\/et_pb_text][\/et_pb_column][\/et_pb_row][\/et_pb_section]<\/p>\n","protected":false},"excerpt":{"rendered":"<p>M\u00e9t\u00e9o de l&rsquo;\u00eele de Mad\u00e8reL&rsquo;\u00eele de Mad\u00e8re est un archipel compos\u00e9 de quatre \u00eeles au large de la c\u00f4te nord-ouest de l&rsquo;Afrique. Le climat subtropical de Mad\u00e8re se compose d&rsquo;\u00e9t\u00e9s chauds et secs, ce qui en fait une destination de vacances id\u00e9ale pour ceux qui aiment la chaleur. L&rsquo;\u00eele de Mad\u00e8re est aussi c\u00e9l\u00e8bre pour [&hellip;]<\/p>\n","protected":false},"author":3,"featured_media":0,"comment_status":"closed","ping_status":"closed","sticky":true,"template":"","format":"standard","meta":{"_et_pb_use_builder":"on","_et_pb_old_content":"","_et_gb_content_width":"","_joinchat":[],"footnotes":""},"categories":[12,39],"tags":[133,158,162,109,143,64,179],"class_list":["post-3468","post","type-post","status-publish","format-standard","hentry","category-non-classifiee","category-nouvelles","tag-madeira-island-tours-fr","tag-madeira-portugal-fr","tag-madeira-rent-a-car-fr","tag-madeira-sidecar-tours-fr","tag-madeira-tour-fr","tag-madeira-tours-fr","tag-meteo-madere"],"_links":{"self":[{"href":"https:\/\/madeirasidecartours.com\/fr\/wp-json\/wp\/v2\/posts\/3468","targetHints":{"allow":["GET"]}}],"collection":[{"href":"https:\/\/madeirasidecartours.com\/fr\/wp-json\/wp\/v2\/posts"}],"about":[{"href":"https:\/\/madeirasidecartours.com\/fr\/wp-json\/wp\/v2\/types\/post"}],"author":[{"embeddable":true,"href":"https:\/\/madeirasidecartours.com\/fr\/wp-json\/wp\/v2\/users\/3"}],"replies":[{"embeddable":true,"href":"https:\/\/madeirasidecartours.com\/fr\/wp-json\/wp\/v2\/comments?post=3468"}],"version-history":[{"count":9,"href":"https:\/\/madeirasidecartours.com\/fr\/wp-json\/wp\/v2\/posts\/3468\/revisions"}],"predecessor-version":[{"id":4177,"href":"https:\/\/madeirasidecartours.com\/fr\/wp-json\/wp\/v2\/posts\/3468\/revisions\/4177"}],"wp:attachment":[{"href":"https:\/\/madeirasidecartours.com\/fr\/wp-json\/wp\/v2\/media?parent=3468"}],"wp:term":[{"taxonomy":"category","embeddable":true,"href":"https:\/\/madeirasidecartours.com\/fr\/wp-json\/wp\/v2\/categories?post=3468"},{"taxonomy":"post_tag","embeddable":true,"href":"https:\/\/madeirasidecartours.com\/fr\/wp-json\/wp\/v2\/tags?post=3468"}],"curies":[{"name":"wp","href":"https:\/\/api.w.org\/{rel}","templated":true}]}}