{"id":2245,"date":"2024-06-03T16:07:51","date_gmt":"2024-06-03T15:07:51","guid":{"rendered":"https:\/\/madeirasidecartours.com\/?p=2245"},"modified":"2025-01-22T00:05:10","modified_gmt":"2025-01-22T00:05:10","slug":"carte-de-lile-de-madere","status":"publish","type":"post","link":"https:\/\/madeirasidecartours.com\/fr\/carte-de-lile-de-madere\/","title":{"rendered":"Carte de l&rsquo;\u00eele de Mad\u00e8re"},"content":{"rendered":"<p>[et_pb_section fb_built=\u00a0\u00bb1&Prime; _builder_version=\u00a0\u00bb4.16&Prime; global_colors_info=\u00a0\u00bb{}\u00a0\u00bb][et_pb_row _builder_version=\u00a0\u00bb4.16&Prime; background_size=\u00a0\u00bbinitial\u00a0\u00bb background_position=\u00a0\u00bbtop_left\u00a0\u00bb background_repeat=\u00a0\u00bbrepeat\u00a0\u00bb global_colors_info=\u00a0\u00bb{}\u00a0\u00bb][et_pb_column type=\u00a0\u00bb4_4&Prime; _builder_version=\u00a0\u00bb4.16&Prime; custom_padding=\u00a0\u00bb|||\u00a0\u00bb global_colors_info=\u00a0\u00bb{}\u00a0\u00bb custom_padding__hover=\u00a0\u00bb|||\u00a0\u00bb][et_pb_text _builder_version=\u00a0\u00bb4.25.0&Prime; vertical_offset_tablet=\u00a0\u00bb0&Prime; horizontal_offset_tablet=\u00a0\u00bb0&Prime; link_option_url_new_window=\u00a0\u00bbon\u00a0\u00bb z_index_tablet=\u00a0\u00bb0&Prime; text_text_shadow_horizontal_length_tablet=\u00a0\u00bb0px\u00a0\u00bb text_text_shadow_vertical_length_tablet=\u00a0\u00bb0px\u00a0\u00bb text_text_shadow_blur_strength_tablet=\u00a0\u00bb1px\u00a0\u00bb link_text_shadow_horizontal_length_tablet=\u00a0\u00bb0px\u00a0\u00bb link_text_shadow_vertical_length_tablet=\u00a0\u00bb0px\u00a0\u00bb link_text_shadow_blur_strength_tablet=\u00a0\u00bb1px\u00a0\u00bb ul_text_shadow_horizontal_length_tablet=\u00a0\u00bb0px\u00a0\u00bb ul_text_shadow_vertical_length_tablet=\u00a0\u00bb0px\u00a0\u00bb ul_text_shadow_blur_strength_tablet=\u00a0\u00bb1px\u00a0\u00bb ol_text_shadow_horizontal_length_tablet=\u00a0\u00bb0px\u00a0\u00bb ol_text_shadow_vertical_length_tablet=\u00a0\u00bb0px\u00a0\u00bb ol_text_shadow_blur_strength_tablet=\u00a0\u00bb1px\u00a0\u00bb quote_text_shadow_horizontal_length_tablet=\u00a0\u00bb0px\u00a0\u00bb quote_text_shadow_vertical_length_tablet=\u00a0\u00bb0px\u00a0\u00bb quote_text_shadow_blur_strength_tablet=\u00a0\u00bb1px\u00a0\u00bb header_text_shadow_horizontal_length_tablet=\u00a0\u00bb0px\u00a0\u00bb header_text_shadow_vertical_length_tablet=\u00a0\u00bb0px\u00a0\u00bb header_text_shadow_blur_strength_tablet=\u00a0\u00bb1px\u00a0\u00bb header_2_text_shadow_horizontal_length_tablet=\u00a0\u00bb0px\u00a0\u00bb header_2_text_shadow_vertical_length_tablet=\u00a0\u00bb0px\u00a0\u00bb header_2_text_shadow_blur_strength_tablet=\u00a0\u00bb1px\u00a0\u00bb header_3_text_shadow_horizontal_length_tablet=\u00a0\u00bb0px\u00a0\u00bb header_3_text_shadow_vertical_length_tablet=\u00a0\u00bb0px\u00a0\u00bb header_3_text_shadow_blur_strength_tablet=\u00a0\u00bb1px\u00a0\u00bb header_4_text_shadow_horizontal_length_tablet=\u00a0\u00bb0px\u00a0\u00bb header_4_text_shadow_vertical_length_tablet=\u00a0\u00bb0px\u00a0\u00bb header_4_text_shadow_blur_strength_tablet=\u00a0\u00bb1px\u00a0\u00bb header_5_text_shadow_horizontal_length_tablet=\u00a0\u00bb0px\u00a0\u00bb header_5_text_shadow_vertical_length_tablet=\u00a0\u00bb0px\u00a0\u00bb header_5_text_shadow_blur_strength_tablet=\u00a0\u00bb1px\u00a0\u00bb header_6_text_shadow_horizontal_length_tablet=\u00a0\u00bb0px\u00a0\u00bb header_6_text_shadow_vertical_length_tablet=\u00a0\u00bb0px\u00a0\u00bb header_6_text_shadow_blur_strength_tablet=\u00a0\u00bb1px\u00a0\u00bb box_shadow_horizontal_tablet=\u00a0\u00bb0px\u00a0\u00bb box_shadow_vertical_tablet=\u00a0\u00bb0px\u00a0\u00bb box_shadow_blur_tablet=\u00a0\u00bb40px\u00a0\u00bb box_shadow_spread_tablet=\u00a0\u00bb0px\u00a0\u00bb global_colors_info=\u00a0\u00bb{}\u00a0\u00bb]<\/p>\n<h2><strong>Emplacement de l&rsquo;\u00eele de Mad\u00e8re<\/strong><\/h2>\n<p>Les \u00eeles de Mad\u00e8re sont un archipel portugais autonome situ\u00e9 dans l&rsquo;oc\u00e9an Atlantique Nord, au sud-ouest du Portugal, \u00e0 520\u00a0km de la c\u00f4te africaine et \u00e0 1\u00a0000\u00a0km du continent europ\u00e9en. \u00a0Elle fait partie de la zone ultrap\u00e9rifrique de l\u2019Union europ\u00e9enne.<\/p>\n<h2><strong>Archipel de l&rsquo;\u00eele de Mad\u00e8re<\/strong><\/h2>\n<p>L&rsquo;\u00eele de Mad\u00e8re est un archipel d&rsquo;origine volcanique situ\u00e9 dans l&rsquo;oc\u00e9an Atlantique Nord. Elle\u00a0comprend\u00a0deux \u00eeles habit\u00e9es, Mad\u00e8re et Porto Santo, et deux groupes inhabit\u00e9s, les\u00a0\u00ab Desertas \u00bb\u00a0et les \u00ab Selvagens \u00bb.<br \/>Les \u00eeles sont les sommets des montagnes qui ont leur base sur un fond oc\u00e9anique abyssal. Sur le plan administratif, ils forment la r\u00e9gion autonome de Mad\u00e8re. La capitale r\u00e9gionale, Funchal, est situ\u00e9e sur la c\u00f4te sud de l&rsquo;\u00eele principale. Sa population totale \u00e9tait estim\u00e9e en 2011 \u00e0 267\u00a0785 habitants. Plus de deux millions de touristes dans le monde viennent \u00e0 l&rsquo;\u00eele de Mad\u00e8re pour b\u00e9n\u00e9ficier d&rsquo;une m\u00e9t\u00e9o favorable tout au long de l&rsquo;ann\u00e9e, elles sont surnomm\u00e9es les \u00eeles du printemps \u00e9ternel.<\/p>\n<h3>Carte de l&rsquo;\u00eele de Mad\u00e8re<\/h3>\n<p><img loading=\"lazy\" decoding=\"async\" class=\"aligncenter wp-image-2226 size-full\" src=\"https:\/\/madeirasidecartours.com\/wp-content\/uploads\/2018\/07\/Madeira-Island-Map-Madeira-Sidecar-Tours.jpg\" alt=\"Madeira Island Map\" width=\"1000\" height=\"707\" srcset=\"https:\/\/madeirasidecartours.com\/wp-content\/uploads\/2018\/07\/Madeira-Island-Map-Madeira-Sidecar-Tours.jpg 1000w, https:\/\/madeirasidecartours.com\/wp-content\/uploads\/2018\/07\/Madeira-Island-Map-Madeira-Sidecar-Tours-300x212.jpg 300w, https:\/\/madeirasidecartours.com\/wp-content\/uploads\/2018\/07\/Madeira-Island-Map-Madeira-Sidecar-Tours-768x543.jpg 768w, https:\/\/madeirasidecartours.com\/wp-content\/uploads\/2018\/07\/Madeira-Island-Map-Madeira-Sidecar-Tours-400x284.jpg 400w\" sizes=\"(max-width: 1000px) 100vw, 1000px\" \/><\/p>\n<p>Ne vous contentez pas d\u2019une simple carte. Rendez votre visite \u00e0 Mad\u00e8re vraiment inoubliable avec Madeira Sidecar Tours. Contactez-nous d\u00e8s maintenant pour r\u00e9server votre aventure et d\u00e9couvrez pourquoi nous sommes le choix num\u00e9ro un des voyageurs \u00e0 la recherche d\u2019une fa\u00e7on unique et personnalis\u00e9e d\u2019explorer l\u2019\u00eele.<\/p>\n<p>Votre prochaine grande aventure commence ici \u2013 laissez <a href=\"https:\/\/madeirasidecartours.com\/madeira-tour\/\">Madeira Sidecar Tours<\/a> vous faire d\u00e9couvrir l\u2019\u00eele comme personne d\u2019autre ne peut le faire !<\/p>\n<p>D\u00e9couvrez l&rsquo;une des meilleures activit\u00e9s de l&rsquo;\u00eele de Mad\u00e8re. D\u00e9couvrez la beaut\u00e9 et le charme de l&rsquo;\u00eele avec nos circuits uniques en side-car.<\/p>\n<p><img loading=\"lazy\" decoding=\"async\" class=\"aligncenter size-full wp-image-4398\" src=\"https:\/\/madeirasidecartours.com\/wp-content\/uploads\/2024\/06\/madeira-sidecar.jpg\" alt=\"Madeira activities\" width=\"669\" height=\"446\" srcset=\"https:\/\/madeirasidecartours.com\/wp-content\/uploads\/2024\/06\/madeira-sidecar.jpg 669w, https:\/\/madeirasidecartours.com\/wp-content\/uploads\/2024\/06\/madeira-sidecar-480x320.jpg 480w\" sizes=\"(min-width: 0px) and (max-width: 480px) 480px, (min-width: 481px) 669px, 100vw\" \/><\/p>\n<p><a href=\"https:\/\/madeirasidecartours.com\/fr\/sidecar-tours\/\">R\u00e9servez<\/a> d\u00e8s maintenant\u00a0et rendez votre aventure inoubliable\u00a0!<\/p>\n<p>[\/et_pb_text][\/et_pb_column][\/et_pb_row][\/et_pb_section]<\/p>\n","protected":false},"excerpt":{"rendered":"<p>D\u00e9couvrez une carte plus d\u00e9taill\u00e9e de l&rsquo;\u00eele de Mad\u00e8re, pr\u00e9sentant les villes captivantes, les villes dynamiques et les lieux intrigants de l&rsquo;\u00eele. Cette carte propose des descriptions compl\u00e8tes des principales attractions et des lieux essentiels \u00e0 visiter \u00e0 Mad\u00e8re. Que vous planifiiez un voyage ou exploriez depuis chez vous, notre carte de Mad\u00e8re fournit un guide d\u00e9taill\u00e9 des endroits les plus remarquables de l&rsquo;\u00eele.<\/p>\n","protected":false},"author":2,"featured_media":2242,"comment_status":"closed","ping_status":"closed","sticky":false,"template":"","format":"standard","meta":{"_et_pb_use_builder":"on","_et_pb_old_content":"","_et_gb_content_width":"","_joinchat":[],"footnotes":""},"categories":[12,39],"tags":[212,211,140,141,58,108,109,64],"class_list":["post-2245","post","type-post","status-publish","format-standard","has-post-thumbnail","hentry","category-non-classifiee","category-nouvelles","tag-carte","tag-explore-madeira-fr","tag-funchal-island-map-fr","tag-funchal-map-fr","tag-madeira-island-fr","tag-madeira-sidecar-fr","tag-madeira-sidecar-tours-fr","tag-madeira-tours-fr"],"_links":{"self":[{"href":"https:\/\/madeirasidecartours.com\/fr\/wp-json\/wp\/v2\/posts\/2245","targetHints":{"allow":["GET"]}}],"collection":[{"href":"https:\/\/madeirasidecartours.com\/fr\/wp-json\/wp\/v2\/posts"}],"about":[{"href":"https:\/\/madeirasidecartours.com\/fr\/wp-json\/wp\/v2\/types\/post"}],"author":[{"embeddable":true,"href":"https:\/\/madeirasidecartours.com\/fr\/wp-json\/wp\/v2\/users\/2"}],"replies":[{"embeddable":true,"href":"https:\/\/madeirasidecartours.com\/fr\/wp-json\/wp\/v2\/comments?post=2245"}],"version-history":[{"count":19,"href":"https:\/\/madeirasidecartours.com\/fr\/wp-json\/wp\/v2\/posts\/2245\/revisions"}],"predecessor-version":[{"id":4606,"href":"https:\/\/madeirasidecartours.com\/fr\/wp-json\/wp\/v2\/posts\/2245\/revisions\/4606"}],"wp:featuredmedia":[{"embeddable":true,"href":"https:\/\/madeirasidecartours.com\/fr\/wp-json\/wp\/v2\/media\/2242"}],"wp:attachment":[{"href":"https:\/\/madeirasidecartours.com\/fr\/wp-json\/wp\/v2\/media?parent=2245"}],"wp:term":[{"taxonomy":"category","embeddable":true,"href":"https:\/\/madeirasidecartours.com\/fr\/wp-json\/wp\/v2\/categories?post=2245"},{"taxonomy":"post_tag","embeddable":true,"href":"https:\/\/madeirasidecartours.com\/fr\/wp-json\/wp\/v2\/tags?post=2245"}],"curies":[{"name":"wp","href":"https:\/\/api.w.org\/{rel}","templated":true}]}}