{"id":1755,"date":"2018-03-21T11:20:27","date_gmt":"2018-03-21T11:20:27","guid":{"rendered":"https:\/\/madeirasidecartours.com\/?p=1755"},"modified":"2024-06-25T18:56:02","modified_gmt":"2024-06-25T17:56:02","slug":"madeira-island-weather","status":"publish","type":"post","link":"https:\/\/madeirasidecartours.com\/fr\/madeira-island-weather\/","title":{"rendered":"M\u00e9t\u00e9o \u00e0 l&rsquo;\u00eele de Mad\u00e8re"},"content":{"rendered":"<p style=\"text-align: justifier;\">L&rsquo;\u00eele de Mad\u00e8re est un archipel subtropical de l&rsquo;oc\u00e9an Atlantique o\u00f9 la m\u00e9t\u00e9o nous invite \u00e0 la d\u00e9tente.<\/p>\n<p style=\"text-align: justifier;\">Le temps\/climat de l&rsquo;\u00eele de Mad\u00e8re et la beaut\u00e9 de ses paysages attirent les visites depuis le XVIIIe si\u00e8cle. Une nature incomparable et un oc\u00e9an d&rsquo;eaux chaudes et cristallines sont l&rsquo;une des caract\u00e9ristiques de l&rsquo;\u00eele.<\/p>\n<p style=\"text-align: justific;\">L&rsquo;\u00eele de Mad\u00e8re a un climat tr\u00e8s doux toute l&rsquo;ann\u00e9e, elle peut \u00eatre consid\u00e9r\u00e9e comme l&rsquo;\u00eele du printemps \u00e9ternel ou \u00ab\u00a0Perle de l&rsquo;Atlantique\u00a0\u00bb. De nos jours, elle est peut-\u00eatre mieux connue comme le lieu de naissance de Cristiano Ronaldo \u2013 CR7 (le footballeur portugais).<\/p>\n<p style=\"text-align: justifier;\">Les aliz\u00e9s du nord-est, qui soufflent tout au long de l&rsquo;ann\u00e9e, apportent un peu d&rsquo;humidit\u00e9 et de pluie sur les pentes expos\u00e9es au nord. En hiver, l&rsquo;\u00eele de Mad\u00e8re peut \u00eatre affect\u00e9e par les d\u00e9pressions de l&rsquo;Atlantique.<\/p>\n<p>&nbsp;<\/p>\n<h2>Quel temps fait-il sur l&rsquo;\u00eele de Mad\u00e8re<\/h2>\n<ul>\n<li>Les temp\u00e9ratures diurnes de d\u00e9cembre \u00e0 avril oscillent autour de 19\/20\u00a0degr\u00e9s Celsius.<\/li>\n<li>Les temp\u00e9ratures diurnes entre mai et novembre d\u00e9passent 20\u00a0\u00b0C.<\/li>\n<li>Les temp\u00e9ratures diurnes atteignent 26\u00a0\u00b0C en ao\u00fbt et septembre.<\/li>\n<li>Les temp\u00e9ratures minimales de d\u00e9cembre \u00e0 mai oscillent autour de 13\/15\u00a0\u00b0C.<\/li>\n<li>Les temp\u00e9ratures minimales de juin \u00e0 octobre oscillent autour de 17\/19\u00a0\u00b0C.<\/li>\n<li>La\u00a0temp\u00e9rature de la mer varie de 18\u00a0\u00b0C\u00a0\u00a0en hiver, \u00e0 20\u00a0\u00b0C en juin et 23\u00a0\u00b0C en ao\u00fbt et septembre.<\/li>\n<li>Les pr\u00e9cipitations\u00a0se concentrent d&rsquo;octobre \u00e0 la mi-avril, p\u00e9riode o\u00f9 elles sont assez fr\u00e9quentes, tandis qu&rsquo;en \u00e9t\u00e9, il ne pleut presque jamais.<\/li>\n<li>En juin, des couvertures nuageuses se forment fr\u00e9quemment,\u00a0appel\u00e9es casque (\u00ab\u00a0casque\u00a0\u00bb), qui recouvrent l&rsquo;\u00eele de Mad\u00e8re le matin et disparaissent pendant les heures les plus chaudes.<\/li>\n<li>La m\u00e9t\u00e9o nous permet de profiter de la nature lors d&rsquo;une\u00a0<a href=\"http:\/\/madeirasidecartours.wp.umdominio.net\/fr\/madeira-island-levada-walks\/\">promenade\u00a0en\u00a0Levada<\/a> ou d&rsquo;une sentier de randonn\u00e9e.<\/li>\n<\/ul>\n<h2>Pr\u00e9visions m\u00e9t\u00e9orologiques pour l&rsquo;\u00eele de Mad\u00e8re<\/h2>\n<p><a href=\"https:\/\/www.accuweather.com\/en\/pt\/funchal\/274344\/weather-forecast\/274344\" target=\"_blank\" rel=\"noopener\"><img decoding=\"async\" class=\"aligncenter wp-image- 1750\" src=\"http:\/\/madeirasidecartours.wp.umdominio.net\/wp-content\/uploads\/2018\/03\/madeira-island-weather-madeira_sidecar_tours.jpg\" alt=\"M\u00e9t\u00e9o de l'\u00eele de Mad\u00e8re\" width=\"600\" hauteur =\"300\" \/><\/a><\/p>\n<p style=\"text-align: justifier;\">Venez visiter l&rsquo;\u00eele de Mad\u00e8re\u00a0!<\/p>\n","protected":false},"excerpt":{"rendered":"<p>L&rsquo;\u00eele de Mad\u00e8re est un archipel subtropical de l&rsquo;oc\u00e9an Atlantique o\u00f9 la m\u00e9t\u00e9o nous invite \u00e0 la d\u00e9tente. Le temps\/climat de l&rsquo;\u00eele de Mad\u00e8re et la beaut\u00e9 de ses paysages attirent les visites depuis le XVIIIe si\u00e8cle. Une nature incomparable et un oc\u00e9an d&rsquo;eaux chaudes et cristallines sont l&rsquo;une des caract\u00e9ristiques de l&rsquo;\u00eele. L&rsquo;\u00eele de [&hellip;]<\/p>\n","protected":false},"author":3,"featured_media":2265,"comment_status":"closed","ping_status":"closed","sticky":false,"template":"","format":"standard","meta":{"_et_pb_use_builder":"","_et_pb_old_content":"","_et_gb_content_width":"","_joinchat":[],"footnotes":""},"categories":[39],"tags":[58,83],"class_list":["post-1755","post","type-post","status-publish","format-standard","has-post-thumbnail","hentry","category-nouvelles","tag-madeira-island-fr","tag-meteo"],"_links":{"self":[{"href":"https:\/\/madeirasidecartours.com\/fr\/wp-json\/wp\/v2\/posts\/1755","targetHints":{"allow":["GET"]}}],"collection":[{"href":"https:\/\/madeirasidecartours.com\/fr\/wp-json\/wp\/v2\/posts"}],"about":[{"href":"https:\/\/madeirasidecartours.com\/fr\/wp-json\/wp\/v2\/types\/post"}],"author":[{"embeddable":true,"href":"https:\/\/madeirasidecartours.com\/fr\/wp-json\/wp\/v2\/users\/3"}],"replies":[{"embeddable":true,"href":"https:\/\/madeirasidecartours.com\/fr\/wp-json\/wp\/v2\/comments?post=1755"}],"version-history":[{"count":7,"href":"https:\/\/madeirasidecartours.com\/fr\/wp-json\/wp\/v2\/posts\/1755\/revisions"}],"predecessor-version":[{"id":4439,"href":"https:\/\/madeirasidecartours.com\/fr\/wp-json\/wp\/v2\/posts\/1755\/revisions\/4439"}],"wp:featuredmedia":[{"embeddable":true,"href":"https:\/\/madeirasidecartours.com\/fr\/wp-json\/wp\/v2\/media\/2265"}],"wp:attachment":[{"href":"https:\/\/madeirasidecartours.com\/fr\/wp-json\/wp\/v2\/media?parent=1755"}],"wp:term":[{"taxonomy":"category","embeddable":true,"href":"https:\/\/madeirasidecartours.com\/fr\/wp-json\/wp\/v2\/categories?post=1755"},{"taxonomy":"post_tag","embeddable":true,"href":"https:\/\/madeirasidecartours.com\/fr\/wp-json\/wp\/v2\/tags?post=1755"}],"curies":[{"name":"wp","href":"https:\/\/api.w.org\/{rel}","templated":true}]}}