{"id":4491,"date":"2024-06-27T18:31:54","date_gmt":"2024-06-27T17:31:54","guid":{"rendered":"https:\/\/madeirasidecartours.com\/treppen-zum-himmel-erkundung-der-majestaetischen-wanderwege-der-insel-madeira\/"},"modified":"2024-06-27T18:42:17","modified_gmt":"2024-06-27T17:42:17","slug":"treppen-zum-himmel-erkundung-der-majestaetischen-wanderwege-der-insel-madeira","status":"publish","type":"post","link":"https:\/\/madeirasidecartours.com\/de\/treppen-zum-himmel-erkundung-der-majestaetischen-wanderwege-der-insel-madeira\/","title":{"rendered":"Treppen zum Himmel: Erkundung der majest\u00e4tischen Wanderwege der Insel Madeira"},"content":{"rendered":"<div class=\"flex flex-grow flex-col max-w-full\">\n<div class=\"min-h-[20px] Textnachricht flex flex-col Elemente-Start Leerzeichen-Vor-Umbruch W\u00f6rter umbrechen [.text-message+&amp;]:mt-5 Saft:w-voll Saft:Elemente-Ende \u00dcberlauf-x-auto L\u00fccke-2\" dir=\"auto\">\n<div class=\"flex w-full flex-col L\u00fccke-1 Saft:leer:versteckt Saft:erster:pt-[3px]\">\n<div class=\"Markdown Prosa w-voll W\u00f6rter umbrechen dunkel:Prosa-Invert hell\">\n<p>&lt;div class=&#8220;flex flex-grow flex-col max-w-full&#8220;&gt;<br \/>&lt;div class=&#8220;min-h-[20px] text-message flex flex-col items-start whitespace-pre-wrap break-words [.text-message+&amp;amp;]:mt-5 juice:w-full juice:items-end overflow-x-auto gap-2&#8243; dir=&#8220;auto&#8220; data-message-author-role=&#8220;assistant&#8220; data-message-id=&#8220;ecff6656-2e4c-4255-9fe6-79de84e64252&#8243;&gt;<br \/>&lt;div class=&#8220;flex w-full flex-col gap-1 juice:empty:hidden juice:first:pt-[3px]&#8220;&gt;<br \/>&lt;div class=&#8220;markdown prose w-full break-words dark:prose-invert light&#8220;&gt;\u00a0 &lt;span style=&#8220;color: #000000;&#8220;&gt;Die im Atlantischen Ozean gelegene Insel Madeira ist oft als \u201ePerle des Atlantiks\u201c bezeichnet. Dieser portugiesische Archipel ist f\u00fcr seine atemberaubenden Landschaften, \u00fcppiges Gr\u00fcn und lebendige Kultur bekannt. Unter seinen vielen Sch\u00e4tzen ragen Madeiras Wanderwege als einige der faszinierendsten und lohnendsten Erlebnisse f\u00fcr Abenteurer heraus. Diese liebevoll als \u201eTreppe zum Himmel\u201c bekannten Wanderwege bieten eine Reise durch die atemberaubendsten Naturwunder der Insel.&lt;\/span&gt;<br \/>&lt;h2&gt;&lt;span style=&#8220;color: #000000;&#8220;&gt;&lt;strong&gt;Der Reiz der Wanderwege Madeiras&lt;\/strong&gt;&lt;\/span&gt;&lt;\/h2&gt;<br \/>&lt;span style=&#8220;color: #000000;&#8220;&gt;Madeiras Wanderwege sind ein Paradies f\u00fcr Wanderer und schl\u00e4ngeln sich durch eine Vielzahl von Umgebungen, von dichten W\u00e4ldern und gr\u00fcnen T\u00e4lern bis hin zu schroffen Klippen und ruhigen K\u00fcsten. Aufgrund der einzigartigen Topografie der Insel sind viele dieser Wege mit steilen Anstiegen und Abstiegen verbunden, was ihnen den Spitznamen \u201eTreppe zum Himmel\u201c eingebracht hat. Das Erfolgserlebnis beim Erreichen des Gipfels ist jedoch unvergleichlich, mit einem Panoramablick, der sich scheinbar bis ins Unendliche erstreckt.&lt;\/span&gt;<br \/>&lt;h2&gt;&lt;span style=&#8220;color: #000000;&#8220;&gt;&lt;strong&gt;Top-Wanderwege zum Erkunden&lt;\/strong&gt;&lt;\/span&gt;&lt;\/h2&gt;<br \/>&lt;h3&gt;\u00a0&lt;\/h3&gt;<br \/>&lt;h3&gt;&lt;span style=&#8220;color: #000000;&#8220;&gt;1. &lt;strong&gt;Von Pico do Arieiro nach Pico Ruivo&lt;\/strong&gt;&lt;\/span&gt;&lt;\/h3&gt;<br \/>&lt;span style=&#8220;color: #000000;&#8220;&gt;Dieser Weg ist eine der ber\u00fchmtesten Wanderungen der Insel und verbindet Madeiras dritth\u00f6chsten Gipfel, den Pico do Arieiro, mit seinem h\u00f6chsten, dem Pico Ruivo. Der Weg ist ungef\u00e4hr 10 Kilometer lang und dauert etwa 6-7 Stunden. Wanderer werden mit atemberaubenden Ausblicken auf zerkl\u00fcftete Gipfel, \u00fcppige T\u00e4ler und an klaren Tagen auf den fernen Atlantik belohnt. Besonders atemberaubend ist der Sonnenaufgang vom Pico do Arieiro, der einen goldenen Schimmer \u00fcber die dramatische Landschaft wirft.&lt;\/span&gt;<br \/>&lt;h3&gt;&lt;span style=&#8220;color: #000000;&#8220;&gt;&lt;img class=&#8220;aligncenter size-full wp-image-4464&#8243; src=&#8220;https:\/\/madeirasidecartours.com\/wp-content\/uploads\/2024\/06\/pico-ruivo-pico-arieiro-stairway-to-heaven.jpg&#8220; alt=&#8220;Pico-do-Arieiro-stairways to heaven&#8220; width=&#8220;700&#8243; height=&#8220;360&#8243; \/&gt;&lt;\/span&gt;&lt;\/h3&gt;<\/p>\n<p>&lt;h3&gt;\u00a0&lt;\/h3&gt;<br \/>&lt;h3&gt;&lt;span style=&#8220;color: #000000;&#8220;&gt;2. &lt;strong&gt;Levada do Caldeir\u00e3o Verde&lt;\/strong&gt;&lt;\/span&gt;&lt;\/h3&gt;<br \/>&lt;span style=&#8220;color: #000000;&#8220;&gt;Dieser Weg folgt einer der ber\u00fchmten Levadas oder Bew\u00e4sserungskan\u00e4le Madeiras durch den Laurisilva-Wald, ein UNESCO-Weltkulturerbe. Die Wanderung ist relativ moderat und umfasst etwa 13 Kilometer hin und zur\u00fcck. Unterwegs begegnen Wanderer \u00fcppigem Gr\u00fcn, Wasserf\u00e4llen und dem beeindruckenden Caldeir\u00e3o Verde (Gr\u00fcner Kessel), einer atemberaubenden Lagune, die von einem gewaltigen Wasserfall gespeist wird. Die sanfte Steigung des Pfades macht ihn f\u00fcr die meisten Wanderer zug\u00e4nglich und bietet eine ruhige Reise durch Madeiras nat\u00fcrliche Sch\u00f6nheit.&lt;\/span&gt;<br \/>&lt;h3&gt;&lt;span style=&#8220;color: #000000;&#8220;&gt;&lt;img class=&#8220;aligncenter size-large wp-image-4472&#8243; src=&#8220;https:\/\/madeirasidecartours.com\/wp-content\/uploads\/2024\/06\/levadadodocaldeiraoverde-1024&#215;576.jpg&#8220; alt=&#8220;caldeirao verde&#8220; width=&#8220;1024&#8243; height=&#8220;576&#8243; \/&gt;&lt;\/span&gt;&lt;\/h3&gt;<br \/>&lt;\/div&gt;<br \/>&lt;h3&gt;\u00a0&lt;\/h3&gt;<br \/>&lt;div class=&#8220;markdown prose w-full break-words dark:prose-invert light&#8220;&gt;<br \/>&lt;h3&gt;&lt;span style=&#8220;color: #000000;&#8220;&gt;3. &lt;strong&gt;Vereda da Ponta de S\u00e3o Louren\u00e7o&lt;\/strong&gt;&lt;\/span&gt;&lt;\/h3&gt;<br \/>&lt;span style=&#8220;color: #000000;&#8220;&gt;F\u00fcr alle, die ein K\u00fcstenabenteuer suchen, bietet die Vereda da Ponta de S\u00e3o Louren\u00e7o eine auffallend andere Landschaft. Dieser Wanderweg am \u00f6stlichsten Punkt von Madeira bietet dramatische Klippen, Felsvorspr\u00fcnge und einen atemberaubenden Blick auf das Meer. Die Wanderung ist etwa 8 Kilometer lang und von mittlerem Schwierigkeitsgrad. Die kontrastierenden Farben der rotbraunen Klippen vor dem tiefblauen Meer bilden eine faszinierende Kulisse, insbesondere bei Sonnenaufgang oder Sonnenuntergang.&lt;\/span&gt;<\/p>\n<p>&lt;h2&gt;&lt;span style=&#8220;color: #000000;&#8220;&gt;&lt;img class=&#8220;aligncenter wp-image-4476 size-large&#8220; src=&#8220;https:\/\/madeirasidecartours.com\/wp-content\/uploads\/2024\/06\/ponta-de-sao-lourenco-25-1024&#215;576.jpg&#8220; alt=&#8220;ponta-de-s\u00e3o-louren\u00e7o&#8220; width=&#8220;1024&#8243; height=&#8220;576&#8243; \/&gt;&lt;\/span&gt;&lt;\/h2&gt;<br \/>&lt;h2&gt;\u00a0&lt;\/h2&gt;<br \/>&lt;h2&gt;&lt;span style=&#8220;color: #000000;&#8220;&gt;Tipps f\u00fcr eine sichere und angenehme Wanderung&lt;\/span&gt;&lt;\/h2&gt;<br \/>&lt;ul&gt;<br \/>&lt;li&gt;&lt;span style=&#8220;color: #000000;&#8220;&gt;&lt;strong&gt;Bereiten Sie sich ausreichend vor:&lt;\/strong&gt; Das Wetter auf Madeira kann unvorhersehbar sein, daher ist es wichtig, sich in mehreren Schichten zu kleiden und Regenkleidung mitzunehmen. Aufgrund des felsigen und unebenen Gel\u00e4ndes sind robuste Wanderschuhe ein Muss.&lt;\/span&gt;&lt;\/li&gt;<br \/>&lt;li&gt;&lt;span style=&#8220;color: #000000;&#8220;&gt;&lt;strong&gt;Sorgen Sie f\u00fcr ausreichend Fl\u00fcssigkeitszufuhr und Nahrung:&lt;\/strong&gt; Nehmen Sie ausreichend Wasser und Snacks mit, um Ihr Energieniveau hoch zu halten, insbesondere f\u00fcr die l\u00e4ngeren Wanderwege.&lt;\/span&gt;&lt;\/li&gt;<br \/>&lt;li&gt;&lt;span style=&#8220;color: #000000;&#8220;&gt;&lt;strong&gt;Folgen Sie den Schildern:&lt;\/strong&gt; Die Wanderwege auf Madeira sind im Allgemeinen gut markiert, aber es ist immer ratsam, eine Karte oder ein GPS-Ger\u00e4t zur Hand zu haben. Bleiben Sie auf den gekennzeichneten Wegen, um sich selbst und die Umwelt zu sch\u00fctzen.&lt;\/span&gt;&lt;\/li&gt;<br \/>&lt;li&gt;&lt;span style=&#8220;color: #000000;&#8220;&gt;&lt;strong&gt;Fr\u00fch starten:&lt;\/strong&gt; Um die Mittagshitze zu vermeiden und sicherzustellen, dass Sie gen\u00fcgend Zeit haben, Ihre Wanderung abzuschlie\u00dfen, starten Sie fr\u00fch am Morgen.&lt;\/span&gt;&lt;\/li&gt;<br \/>&lt;li&gt;&lt;span style=&#8220;color: #000000;&#8220;&gt;&lt;strong&gt;Respektieren Sie die Natur:&lt;\/strong&gt; Die Wanderwege Madeiras f\u00fchren durch Naturschutzgebiete, daher ist es wichtig, keine Spuren zu hinterlassen. Nehmen Sie Ihren M\u00fcll mit und respektieren Sie die lokale Flora und Fauna.&lt;\/span&gt;&lt;\/li&gt;<br \/>&lt;\/ul&gt;<br \/>&lt;h3&gt;\u00a0&lt;\/h3&gt;<br \/>&lt;span style=&#8220;color: #000000;&#8220;&gt;Die \u201e&lt;a style=&#8220;color: #000000;&#8220; href=&#8220;https:\/\/madeirafriendlyguide.com\/project\/pico-do-arieiro-pico-ruivo\/&#8220;&gt;Stairways to Heaven&lt;\/a&gt;\u201c der Insel Madeira bieten ein unvergleichliches Wandererlebnis, das k\u00f6rperliche Herausforderung mit der puren Sch\u00f6nheit der Natur verbindet. Egal, ob Sie die h\u00f6chsten Gipfel der Insel erklimmen oder durch die \u00fcppigen W\u00e4lder wandern, jeder Weg verspricht ein einzigartiges Abenteuer und die M\u00f6glichkeit, die atemberaubende Landschaft Madeiras kennenzulernen. Schn\u00fcren Sie also Ihre Wanderschuhe, packen Sie das N\u00f6tigste ein und begeben Sie sich auf eine Reise, um die himmlische Sch\u00f6nheit der Wanderwege Madeiras zu entdecken.&lt;\/span&gt;&lt;\/div&gt;<br \/>&lt;span style=&#8220;color: #000000;&#8220;&gt;&lt;span style=&#8220;color: #3366ff;&#8220;&gt;&lt;a style=&#8220;color: #3366ff;&#8220; href=&#8220;https:\/\/madeirasidecartours.com\/madeira-island-map\/&#8220;&gt;Planen Sie Ihren Besuch auf der Insel Madeira&lt;\/a&gt;&lt;\/span&gt;!&lt;\/span&gt;&lt;\/div&gt;<br \/>&lt;\/div&gt;<br \/>&lt;\/div&gt;<\/p>\n<\/div>\n<\/div>\n<\/div>\n<\/div>\n","protected":false},"excerpt":{"rendered":"<p>&lt;div class=&#8220;flex flex-grow flex-col max-w-full&#8220;&gt;&lt;div class=&#8220;min-h-[20px] text-message flex flex-col items-start whitespace-pre-wrap break-words [.text-message+&amp;amp;]:mt-5 juice:w-full juice:items-end overflow-x-auto gap-2&#8243; dir=&#8220;auto&#8220; data-message-author-role=&#8220;assistant&#8220; data-message-id=&#8220;ecff6656-2e4c-4255-9fe6-79de84e64252&#8243;&gt;&lt;div class=&#8220;flex w-full flex-col gap-1 juice:empty:hidden juice:first:pt-[3px]&#8220;&gt;&lt;div class=&#8220;markdown prose w-full break-words dark:prose-invert light&#8220;&gt;\u00a0 &lt;span style=&#8220;color: #000000;&#8220;&gt;Die im Atlantischen Ozean gelegene Insel Madeira ist oft als \u201ePerle des Atlantiks\u201c bezeichnet. Dieser portugiesische Archipel ist f\u00fcr seine atemberaubenden [&hellip;]<\/p>\n","protected":false},"author":3,"featured_media":4471,"comment_status":"closed","ping_status":"closed","sticky":false,"template":"","format":"standard","meta":{"_et_pb_use_builder":"","_et_pb_old_content":"","_et_gb_content_width":"","_joinchat":[],"footnotes":""},"categories":[38,13],"tags":[299,279,280,146,61,295,277],"class_list":["post-4491","post","type-post","status-publish","format-standard","has-post-thumbnail","hentry","category-nachrichten","category-unkategorisiert","tag-actividades-madeira-de","tag-aktivitaten-auf-madeira-de","tag-cristiano-ronaldo-de","tag-madeira-airport-de","tag-madeira-island-de","tag-treppe-zum-himmel","tag-wetter-auf-der-insel-madeira-de"],"_links":{"self":[{"href":"https:\/\/madeirasidecartours.com\/de\/wp-json\/wp\/v2\/posts\/4491","targetHints":{"allow":["GET"]}}],"collection":[{"href":"https:\/\/madeirasidecartours.com\/de\/wp-json\/wp\/v2\/posts"}],"about":[{"href":"https:\/\/madeirasidecartours.com\/de\/wp-json\/wp\/v2\/types\/post"}],"author":[{"embeddable":true,"href":"https:\/\/madeirasidecartours.com\/de\/wp-json\/wp\/v2\/users\/3"}],"replies":[{"embeddable":true,"href":"https:\/\/madeirasidecartours.com\/de\/wp-json\/wp\/v2\/comments?post=4491"}],"version-history":[{"count":1,"href":"https:\/\/madeirasidecartours.com\/de\/wp-json\/wp\/v2\/posts\/4491\/revisions"}],"predecessor-version":[{"id":4499,"href":"https:\/\/madeirasidecartours.com\/de\/wp-json\/wp\/v2\/posts\/4491\/revisions\/4499"}],"wp:featuredmedia":[{"embeddable":true,"href":"https:\/\/madeirasidecartours.com\/de\/wp-json\/wp\/v2\/media\/4471"}],"wp:attachment":[{"href":"https:\/\/madeirasidecartours.com\/de\/wp-json\/wp\/v2\/media?parent=4491"}],"wp:term":[{"taxonomy":"category","embeddable":true,"href":"https:\/\/madeirasidecartours.com\/de\/wp-json\/wp\/v2\/categories?post=4491"},{"taxonomy":"post_tag","embeddable":true,"href":"https:\/\/madeirasidecartours.com\/de\/wp-json\/wp\/v2\/tags?post=4491"}],"curies":[{"name":"wp","href":"https:\/\/api.w.org\/{rel}","templated":true}]}}