{"id":3074,"date":"2021-10-24T01:31:19","date_gmt":"2021-10-24T00:31:19","guid":{"rendered":"https:\/\/madeirasidecartours.com\/madeira-experience\/"},"modified":"2024-06-08T16:20:57","modified_gmt":"2024-06-08T15:20:57","slug":"madeira-experience","status":"publish","type":"post","link":"https:\/\/madeirasidecartours.com\/de\/madeira-experience\/","title":{"rendered":"Madeira Experience.Warum Sidecar Tours auf Madeira?"},"content":{"rendered":"<p>[et_pb_section fb_built=&#8220;1&#8243; _builder_version=&#8220;3.22&#8243; custom_padding=&#8220;154px|||||&#8220; global_colors_info=&#8220;{}&#8220;][et_pb_row _builder_version=&#8220;3.25&#8243; background_size=&#8220;initial&#8220; background_position=&#8220;top_left&#8220; background_repeat=&#8220;repeat&#8220; custom_padding=&#8220;0px|||||&#8220; global_colors_info=&#8220;{}&#8220;][et_pb_column type=&#8220;4_4&#8243; _builder_version=&#8220;3.25&#8243; custom_padding=&#8220;|||&#8220; global_colors_info=&#8220;{}&#8220; custom_padding__hover=&#8220;|||&#8220;][et_pb_text _builder_version=&#8220;3.27.4&#8243; background_size=&#8220;initial&#8220; background_position=&#8220;top_left&#8220; background_repeat=&#8220;repeat&#8220; global_colors_info=&#8220;{}&#8220;]<!-- divi:paragraph --><!-- \/divi:paragraph --><!-- divi:paragraph --><!-- \/divi:paragraph --><!-- divi:paragraph --><\/p>\n<p>&nbsp;<\/p>\n<p><!-- \/divi:paragraph --><!-- divi:paragraph --><!-- \/divi:paragraph --><\/p>\n<p>&nbsp;<\/p>\n<p><!-- divi:heading --><\/p>\n<h2>Madeira Touren<\/h2>\n<p><!-- \/divi:heading --><!-- divi:columns --><\/p>\n<div class=\"wp-block-columns\"><!-- divi:column {\"width\":\"100%\"} --><\/p>\n<div class=\"wp-block-column\" style=\"flex-basis: 100%;\"><!-- divi:group --><\/p>\n<div class=\"wp-block-group\"><!-- divi:columns --><\/p>\n<div class=\"wp-block-columns\"><!-- divi:column {\"width\":\"100%\"} --><\/p>\n<div class=\"wp-block-column\" style=\"flex-basis: 100%;\"><!-- divi:group --><\/p>\n<div class=\"wp-block-group\"><!-- divi:gallery {\"ids\":[2353,2308],\"linkTo\":\"none\",\"sizeSlug\":\"full\"} --><\/p>\n<figure class=\"wp-block-gallery columns-2 is-cropped\">\n<ul class=\"blocks-gallery-grid\">\n<li class=\"blocks-gallery-item\">\n<figure><img loading=\"lazy\" decoding=\"async\" width=\"500\" height=\"333\" class=\"wp-image-2353\" src=\"https:\/\/madeirasidecartours.com\/wp-content\/uploads\/2019\/01\/madeira-sidecar-tours-top-destinations-funchal_op.jpg\" alt=\"\" data-id=\"2353\" srcset=\"https:\/\/madeirasidecartours.com\/wp-content\/uploads\/2019\/01\/madeira-sidecar-tours-top-destinations-funchal_op.jpg 500w, https:\/\/madeirasidecartours.com\/wp-content\/uploads\/2019\/01\/madeira-sidecar-tours-top-destinations-funchal_op-300x200.jpg 300w\" sizes=\"(max-width: 500px) 100vw, 500px\" \/><br \/><figcaption class=\"blocks-gallery-item__caption\">Funchal &#8211; Altstadt<\/figcaption><\/figure>\n<\/li>\n<li class=\"blocks-gallery-item\">\n<figure><img loading=\"lazy\" decoding=\"async\" width=\"960\" height=\"466\" class=\"wp-image-2308\" src=\"https:\/\/madeirasidecartours.com\/wp-content\/uploads\/2018\/12\/madeira-sidecar-tours.png\" alt=\"madeira tripadvisor\" data-id=\"2308\" srcset=\"https:\/\/madeirasidecartours.com\/wp-content\/uploads\/2018\/12\/madeira-sidecar-tours.png 960w, https:\/\/madeirasidecartours.com\/wp-content\/uploads\/2018\/12\/madeira-sidecar-tours-300x146.png 300w, https:\/\/madeirasidecartours.com\/wp-content\/uploads\/2018\/12\/madeira-sidecar-tours-768x373.png 768w\" sizes=\"(max-width: 960px) 100vw, 960px\" \/><br \/><figcaption class=\"blocks-gallery-item__caption\">Madeira-Insel<\/figcaption><\/figure>\n<\/li>\n<\/ul>\n<\/figure>\n<p><!-- \/divi:gallery --><\/div>\n<p><!-- \/divi:group --><\/div>\n<p><!-- \/divi:column --><\/div>\n<p><!-- \/divi:columns --><\/div>\n<p><!-- \/divi:group --><\/div>\n<p><!-- \/divi:column --><\/div>\n<p>&nbsp;<\/p>\n<p><!-- \/divi:columns --><\/p>\n<p>&nbsp;<\/p>\n<p><!-- divi:paragraph --><\/p>\n<p>Madeira Sidecar Tours bietet die beste M\u00f6glichkeit, die Insel zu sehen und zu f\u00fchlen. Die Touren sind privat, sicher, sympathisch und beginnen direkt bei Ihnen. Der Beiwagen wird von unserem Guide gefahren und bietet die perfekte Gelegenheit, die Insel zu erleben und mit ihr zu interagieren. Es ist ein unvergessliches Madeira-Erlebnis, das mit Sicherheit zu einem H\u00f6hepunkt Ihres Urlaubs werden wird.<\/p>\n<p>&nbsp;<\/p>\n<p>Unsere Madeira-Tour macht Spa\u00df, ist sicher und unvergesslich. Fahren Sie mit dem Wind und umarmen Sie die Insel.<\/p>\n<p><!-- \/divi:paragraph --><!-- divi:paragraph --><!-- \/divi:paragraph --><!-- divi:paragraph --><!-- \/divi:paragraph --><!-- divi:paragraph --><!-- \/divi:paragraph --><\/p>\n<p>&nbsp;<\/p>\n<p><!-- divi:heading --><\/p>\n<h2>Beste Erfahrung ist die Insel Madeira<\/h2>\n<p><!-- \/divi:heading --><\/p>\n<p>&nbsp;<\/p>\n<p><!-- divi:paragraph --><\/p>\n<p>Unsere Seitenwagentouren sind lustig, sicher und f\u00fcr Reisende jeden Alters und jeder k\u00f6rperlichen Verfassung geeignet, mit vielen Zwischenstopps auf dem Weg. Mit Platz f\u00fcr zwei Passagiere und unseren Reiseleiter sind die Touren pers\u00f6nlich und auf die pers\u00f6nlichen Vorlieben jedes Reisenden zugeschnitten. Alle Helme verf\u00fcgen \u00fcber integrierte Kommunikationssysteme: W\u00e4hrend Sie durch die Stadt fahren, genie\u00dfen Sie einen kontinuierlichen Dialog mit Ihrem Reiseleiter.<\/p>\n<p><!-- \/divi:paragraph --><\/p>\n<p>W\u00e4hlen Sie hier Ihre Seitenwagentour:\u00a0<a href=\"https:\/\/madeirasidecartours.com\/de\/sidecar-tours\/\">https:\/\/madeirasidecartours.com\/madeira-tour\/<\/a><\/p>\n<p><!-- divi:paragraph {\"align\":\"center\"} --><!-- \/divi:paragraph --><!-- divi:paragraph {\"align\":\"center\"} --><\/p>\n<p><a href=\"http:\/\/www.visitmadeira.pt\/\">Besuchen Sie uns!<\/a><\/p>\n<p><!-- \/divi:paragraph -->[\/et_pb_text][\/et_pb_column][\/et_pb_row][et_pb_row _builder_version=&#8220;4.10.4&#8243; _module_preset=&#8220;default&#8220; global_colors_info=&#8220;{}&#8220;][et_pb_column type=&#8220;4_4&#8243; _builder_version=&#8220;4.10.4&#8243; _module_preset=&#8220;default&#8220; global_colors_info=&#8220;{}&#8220;][et_pb_text _builder_version=&#8220;4.10.4&#8243; _module_preset=&#8220;default&#8220; global_colors_info=&#8220;{}&#8220;]<\/p>\n<div class=\"sc-1_4_7-label sc-1_4_7-label__plain sc-1_4_7-label__type_light sc-1_4_7-label__size_s\">\n<div class=\"sc-1_4_7-label__inner\"><span class=\"sc-1_4_7-label__text\" style=\"color: #ffffff;\">porto moniz<\/span><\/div>\n<\/div>\n<div class=\"sc-1_4_7-label sc-1_4_7-label__plain sc-1_4_7-label__type_light sc-1_4_7-label__size_s\">\n<div class=\"sc-1_4_7-label__inner\"><span class=\"sc-1_4_7-label__text\" style=\"color: #ffffff;\">madeira and porto santo<\/span><\/div>\n<\/div>\n<div class=\"sc-1_4_7-label sc-1_4_7-label__plain sc-1_4_7-label__type_light sc-1_4_7-label__size_s\">\n<div class=\"sc-1_4_7-label__inner\"><span class=\"sc-1_4_7-label__text\" style=\"color: #ffffff;\">c\u00e2mara de lobos<\/span><\/div>\n<\/div>\n<div class=\"sc-1_4_7-label sc-1_4_7-label__plain sc-1_4_7-label__type_light sc-1_4_7-label__size_s\">\n<div class=\"sc-1_4_7-label__inner\"><span class=\"sc-1_4_7-label__text\" style=\"color: #ffffff;\">small groups<\/span><\/div>\n<\/div>\n<div class=\"sc-1_4_7-label sc-1_4_7-label__plain sc-1_4_7-label__type_light sc-1_4_7-label__size_s\">\n<div class=\"sc-1_4_7-label__inner\"><span class=\"sc-1_4_7-label__text\" style=\"color: #ffffff;\">da cruz<\/span><\/div>\n<\/div>\n<div class=\"sc-1_4_7-label sc-1_4_7-label__plain sc-1_4_7-label__type_light sc-1_4_7-label__size_s\">\n<div class=\"sc-1_4_7-label__inner\"><span class=\"sc-1_4_7-label__text\" style=\"color: #ffffff;\">canary islands<\/span><\/div>\n<\/div>\n<div class=\"sc-1_4_7-label sc-1_4_7-label__plain sc-1_4_7-label__type_light sc-1_4_7-label__size_s\">\n<div class=\"sc-1_4_7-label__inner\"><span class=\"sc-1_4_7-label__text\" style=\"color: #ffffff;\">small island<\/span><\/div>\n<\/div>\n<div class=\"sc-1_4_7-label sc-1_4_7-label__plain sc-1_4_7-label__type_light sc-1_4_7-label__size_s\">\n<div class=\"sc-1_4_7-label__inner\"><span class=\"sc-1_4_7-label__text\" style=\"color: #ffffff;\">cabo gir\u00e3o<\/span><\/div>\n<\/div>\n<div class=\"sc-1_4_7-label sc-1_4_7-label__plain sc-1_4_7-label__type_light sc-1_4_7-label__size_s\">\n<div class=\"sc-1_4_7-label__inner\"><span class=\"sc-1_4_7-label__text\" style=\"color: #ffffff;\">full day<\/span><\/div>\n<\/div>\n<div class=\"sc-1_4_7-label sc-1_4_7-label__plain sc-1_4_7-label__type_light sc-1_4_7-label__size_s\">\n<div class=\"sc-1_4_7-label__inner\"><span class=\"sc-1_4_7-label__text\" style=\"color: #ffffff;\">levada walks<\/span><\/div>\n<\/div>\n<div class=\"sc-1_4_7-label sc-1_4_7-label__plain sc-1_4_7-label__type_light sc-1_4_7-label__size_s\">\n<div class=\"sc-1_4_7-label__inner\"><span class=\"sc-1_4_7-label__text\" style=\"color: #ffffff;\">pico ruivo<\/span><\/div>\n<\/div>\n<div class=\"sc-1_4_7-label sc-1_4_7-label__plain sc-1_4_7-label__type_light sc-1_4_7-label__size_s\">\n<div class=\"sc-1_4_7-label__inner\"><span class=\"sc-1_4_7-label__text\" style=\"color: #ffffff;\">local guides<\/span><\/div>\n<\/div>\n<div class=\"sc-1_4_7-label sc-1_4_7-label__plain sc-1_4_7-label__type_light sc-1_4_7-label__size_s\">\n<div class=\"sc-1_4_7-label__inner\"><span class=\"sc-1_4_7-label__text\" style=\"color: #ffffff;\">spectacular views<\/span><\/div>\n<\/div>\n<div class=\"sc-1_4_7-label sc-1_4_7-label__plain sc-1_4_7-label__type_light sc-1_4_7-label__size_s\">\n<div class=\"sc-1_4_7-label__inner\"><span class=\"sc-1_4_7-label__text\" style=\"color: #ffffff;\">atlantic ocean<\/span><\/div>\n<\/div>\n<div class=\"sc-1_4_7-label sc-1_4_7-label__plain sc-1_4_7-label__type_light sc-1_4_7-label__size_s\">\n<div class=\"sc-1_4_7-label__inner\"><span class=\"sc-1_4_7-label__text\" style=\"color: #ffffff;\">madeira archipelago<\/span><\/div>\n<\/div>\n<div class=\"sc-1_4_7-label sc-1_4_7-label__plain sc-1_4_7-label__type_light sc-1_4_7-label__size_s\">\n<div class=\"sc-1_4_7-label__inner\"><span class=\"sc-1_4_7-label__text\" style=\"color: #ffffff;\">walks tours<\/span><\/div>\n<\/div>\n<div class=\"sc-1_4_7-label sc-1_4_7-label__plain sc-1_4_7-label__type_light sc-1_4_7-label__size_s\">\n<div class=\"sc-1_4_7-label__inner\"><span class=\"sc-1_4_7-label__text\" style=\"color: #ffffff;\">dolphins and whales<\/span><\/div>\n<\/div>\n<div class=\"sc-1_4_7-label sc-1_4_7-label__plain sc-1_4_7-label__type_light sc-1_4_7-label__size_s\">\n<div class=\"sc-1_4_7-label__inner\"><span class=\"sc-1_4_7-label__text\" style=\"color: #ffffff;\">boat tours<\/span><\/div>\n<\/div>\n<div class=\"sc-1_4_7-label sc-1_4_7-label__plain sc-1_4_7-label__type_light sc-1_4_7-label__size_s\">\n<div class=\"sc-1_4_7-label__inner\"><span class=\"sc-1_4_7-label__text\" style=\"color: #ffffff;\">visiting madeira<\/span><\/div>\n<\/div>\n<div class=\"sc-1_4_7-label sc-1_4_7-label__plain sc-1_4_7-label__type_light sc-1_4_7-label__size_s\">\n<div class=\"sc-1_4_7-label__inner\"><span class=\"sc-1_4_7-label__text\" style=\"color: #ffffff;\">part of the island<\/span><\/div>\n<\/div>\n<p>.<\/p>\n<p>[\/et_pb_text][\/et_pb_column][\/et_pb_row][\/et_pb_section]<\/p>\n","protected":false},"excerpt":{"rendered":"<p>&nbsp; &nbsp; Madeira Touren Funchal &#8211; Altstadt Madeira-Insel &nbsp; &nbsp; Madeira Sidecar Tours bietet die beste M\u00f6glichkeit, die Insel zu sehen und zu f\u00fchlen. Die Touren sind privat, sicher, sympathisch und beginnen direkt bei Ihnen. Der Beiwagen wird von unserem Guide gefahren und bietet die perfekte Gelegenheit, die Insel zu erleben und mit ihr zu [&hellip;]<\/p>\n","protected":false},"author":3,"featured_media":3017,"comment_status":"closed","ping_status":"closed","sticky":true,"template":"","format":"standard","meta":{"_et_pb_use_builder":"on","_et_pb_old_content":"","_et_gb_content_width":"","_joinchat":[],"footnotes":""},"categories":[38,13],"tags":[144,145,59,146,113,114,147,62],"class_list":["post-3074","post","type-post","status-publish","format-standard","has-post-thumbnail","hentry","category-nachrichten","category-unkategorisiert","tag-funchal-island-map-de","tag-funchal-map-de","tag-levada-walks-de","tag-madeira-airport-de","tag-madeira-sidecar-de","tag-madeira-sidecar-tours-de","tag-madeira-tour-de","tag-madeira-tours-de"],"_links":{"self":[{"href":"https:\/\/madeirasidecartours.com\/de\/wp-json\/wp\/v2\/posts\/3074","targetHints":{"allow":["GET"]}}],"collection":[{"href":"https:\/\/madeirasidecartours.com\/de\/wp-json\/wp\/v2\/posts"}],"about":[{"href":"https:\/\/madeirasidecartours.com\/de\/wp-json\/wp\/v2\/types\/post"}],"author":[{"embeddable":true,"href":"https:\/\/madeirasidecartours.com\/de\/wp-json\/wp\/v2\/users\/3"}],"replies":[{"embeddable":true,"href":"https:\/\/madeirasidecartours.com\/de\/wp-json\/wp\/v2\/comments?post=3074"}],"version-history":[{"count":13,"href":"https:\/\/madeirasidecartours.com\/de\/wp-json\/wp\/v2\/posts\/3074\/revisions"}],"predecessor-version":[{"id":4205,"href":"https:\/\/madeirasidecartours.com\/de\/wp-json\/wp\/v2\/posts\/3074\/revisions\/4205"}],"wp:featuredmedia":[{"embeddable":true,"href":"https:\/\/madeirasidecartours.com\/de\/wp-json\/wp\/v2\/media\/3017"}],"wp:attachment":[{"href":"https:\/\/madeirasidecartours.com\/de\/wp-json\/wp\/v2\/media?parent=3074"}],"wp:term":[{"taxonomy":"category","embeddable":true,"href":"https:\/\/madeirasidecartours.com\/de\/wp-json\/wp\/v2\/categories?post=3074"},{"taxonomy":"post_tag","embeddable":true,"href":"https:\/\/madeirasidecartours.com\/de\/wp-json\/wp\/v2\/tags?post=3074"}],"curies":[{"name":"wp","href":"https:\/\/api.w.org\/{rel}","templated":true}]}}